{"id":134,"date":"2023-12-29T17:27:23","date_gmt":"2023-12-29T20:27:23","guid":{"rendered":"https:\/\/www.praxis.pro.br\/?p=134"},"modified":"2023-12-29T17:27:56","modified_gmt":"2023-12-29T20:27:56","slug":"cuba-o-bloqueio-nao-e-somente-politico-e-economico-por-wilson-coelho","status":"publish","type":"post","link":"https:\/\/www.praxis.pro.br\/?p=134","title":{"rendered":"Cuba: O bloqueio n\u00e3o \u00e9 somente pol\u00edtico e econ\u00f4mico &#8211; Por Wilson Co\u00ealho"},"content":{"rendered":"<p>&nbsp;<\/p>\n<p><iframe loading=\"lazy\" title=\"Cuba: O bloqueio n\u00e3o \u00e9 somente pol\u00edtico e econ\u00f4mico\" width=\"780\" height=\"439\" src=\"https:\/\/www.youtube.com\/embed\/W1ZJkrAzeoQ?feature=oembed\" frameborder=\"0\" allow=\"accelerometer; autoplay; clipboard-write; encrypted-media; gyroscope; picture-in-picture; web-share\" allowfullscreen><\/iframe><\/p>\n<p>#cuba #bloqueio<\/p>\n","protected":false},"excerpt":{"rendered":"<p>&nbsp; #cuba #bloqueio<\/p>\n","protected":false},"author":1,"featured_media":136,"comment_status":"open","ping_status":"open","sticky":false,"template":"","format":"standard","meta":{"footnotes":""},"categories":[1],"tags":[],"class_list":["post-134","post","type-post","status-publish","format-standard","has-post-thumbnail","hentry","category-sem-categoria"],"_links":{"self":[{"href":"https:\/\/www.praxis.pro.br\/index.php?rest_route=\/wp\/v2\/posts\/134","targetHints":{"allow":["GET"]}}],"collection":[{"href":"https:\/\/www.praxis.pro.br\/index.php?rest_route=\/wp\/v2\/posts"}],"about":[{"href":"https:\/\/www.praxis.pro.br\/index.php?rest_route=\/wp\/v2\/types\/post"}],"author":[{"embeddable":true,"href":"https:\/\/www.praxis.pro.br\/index.php?rest_route=\/wp\/v2\/users\/1"}],"replies":[{"embeddable":true,"href":"https:\/\/www.praxis.pro.br\/index.php?rest_route=%2Fwp%2Fv2%2Fcomments&post=134"}],"version-history":[{"count":1,"href":"https:\/\/www.praxis.pro.br\/index.php?rest_route=\/wp\/v2\/posts\/134\/revisions"}],"predecessor-version":[{"id":135,"href":"https:\/\/www.praxis.pro.br\/index.php?rest_route=\/wp\/v2\/posts\/134\/revisions\/135"}],"wp:featuredmedia":[{"embeddable":true,"href":"https:\/\/www.praxis.pro.br\/index.php?rest_route=\/wp\/v2\/media\/136"}],"wp:attachment":[{"href":"https:\/\/www.praxis.pro.br\/index.php?rest_route=%2Fwp%2Fv2%2Fmedia&parent=134"}],"wp:term":[{"taxonomy":"category","embeddable":true,"href":"https:\/\/www.praxis.pro.br\/index.php?rest_route=%2Fwp%2Fv2%2Fcategories&post=134"},{"taxonomy":"post_tag","embeddable":true,"href":"https:\/\/www.praxis.pro.br\/index.php?rest_route=%2Fwp%2Fv2%2Ftags&post=134"}],"curies":[{"name":"wp","href":"https:\/\/api.w.org\/{rel}","templated":true}]}}