{"id":147,"date":"2023-12-29T17:34:49","date_gmt":"2023-12-29T20:34:49","guid":{"rendered":"https:\/\/www.praxis.pro.br\/?p=147"},"modified":"2023-12-29T17:35:32","modified_gmt":"2023-12-29T20:35:32","slug":"wilson-coelho-lanca-seu-novo-livro-vietna-quarta-feira-dia-08-11-2023-as-18h-no-triplex-vermelho","status":"publish","type":"post","link":"https:\/\/www.praxis.pro.br\/?p=147","title":{"rendered":"Wilson Co\u00ealho lan\u00e7a seu novo livro \u201cVietn\u00e3\u201d \u2013 Quarta-feira, dia 08\/11\/2023 \u00e0s 18h, no Triplex Vermelho"},"content":{"rendered":"<p>Este livro, o VIETN\u00c3, surgiu primeiramente a partir de uma ideia de traduzir alguns artigos do cubano Luis Manoel Arce, que cobriu a guerra de liberta\u00e7\u00e3o do pa\u00eds como jornalista.<\/p>\n<p>Como os artigos de Arce n\u00e3o alcan\u00e7avam o n\u00famero de p\u00e1ginas que eu previa, resolvi reunir outros textos e um poema de Perly Cipriano, escritos na \u00e9poca da guerra, enquanto amargava e resistia nos c\u00e1rceres da ditadura brasileira. Depois, descobri que meu amigo franc\u00eas Gilbert Chaudanne dava aulas no Laos durante a guerra do Vietn\u00e3 e assistiu de perto toda a movimenta\u00e7\u00e3o. Ainda, a partir de outras pesquisas sobre esse genoc\u00eddio estadunidense acabei por sair do lugar de organizador da obra para tamb\u00e9m me inserir como autor.<\/p>\n<p>E, tendo como foco a Guerra do Vietn\u00e3, nesse ano que completa o 50\u00ba anivers\u00e1rio da derrota e retirada final das tropas de combate dos EUA, o livro propicia uma an\u00e1lise, sob diversos aspectos, do imperialismo que at\u00e9 hoje est\u00e1 em voga, al\u00e9m da passagem de Ho Chi Minch pelo Brasil, a perda da perna do jornalista brasileiro Jos\u00e9 Hamilton Ribeiro, v\u00edtima de uma mina, um ensaio sobre o filme \u201cApocalipse Now\u201d, dirigido por Francis Ford Coppola e escrito por John Milius e outros temas. A proposta tamb\u00e9m desse livro nos parece oportuna, tendo em vista a nova geopol\u00edtica que se est\u00e1 desenhando atualmente pelo mundo.<\/p>\n<p>Juntando tudo isso, destaco o privil\u00e9gio de contar com o riqu\u00edssimo pref\u00e1cio do escritor, professor e jornalista Jos\u00e9 Arrabal.<\/p>\n<p>Wilson Co\u00ealho<\/p>\n<p>Quarta-feira, dia 08\/11<br \/>\n\u23f0 De 18h \u00e0s 21h<br \/>\n\ud83d\udccdNo Centro Cultural Triplex Vermelho, na Rua Sete de Setembro, 20, Centro Hist\u00f3rico de Vit\u00f3ria.<\/p>\n<p><strong>Contato: <\/strong><a href=\"tel:+552799816-7616\">+55 27 99816-7616<\/a>\u00a0<a href=\"https:\/\/wa.me\/5527998167616\"><img loading=\"lazy\" decoding=\"async\" class=\"alignnone wp-image-137\" src=\"https:\/\/wilsoncoelho.praxis.pro.br\/wp-content\/uploads\/2021\/12\/whatsapp-150x150.png\" sizes=\"auto, (max-width: 34px) 100vw, 34px\" srcset=\"https:\/\/wilsoncoelho.praxis.pro.br\/wp-content\/uploads\/2021\/12\/whatsapp-150x150.png 150w, https:\/\/wilsoncoelho.praxis.pro.br\/wp-content\/uploads\/2021\/12\/whatsapp-300x300.png 300w, https:\/\/wilsoncoelho.praxis.pro.br\/wp-content\/uploads\/2021\/12\/whatsapp-1019x1024.png 1019w, https:\/\/wilsoncoelho.praxis.pro.br\/wp-content\/uploads\/2021\/12\/whatsapp-768x772.png 768w, https:\/\/wilsoncoelho.praxis.pro.br\/wp-content\/uploads\/2021\/12\/whatsapp-1529x1536.png 1529w, https:\/\/wilsoncoelho.praxis.pro.br\/wp-content\/uploads\/2021\/12\/whatsapp-2039x2048.png 2039w, https:\/\/wilsoncoelho.praxis.pro.br\/wp-content\/uploads\/2021\/12\/whatsapp-200x200.png 200w, https:\/\/wilsoncoelho.praxis.pro.br\/wp-content\/uploads\/2021\/12\/whatsapp-100x100.png 100w, https:\/\/wilsoncoelho.praxis.pro.br\/wp-content\/uploads\/2021\/12\/whatsapp-40x40.png 40w\" alt=\"\" width=\"34\" height=\"34\" \/><\/a><\/p>\n<p><strong>E-mail:\u00a0<\/strong><a href=\"mailto:wilsoncoelho@gmail.com\">wilsoncoelho@gmail.com<\/a><\/p>\n<p>&nbsp;<\/p>\n<p><img loading=\"lazy\" decoding=\"async\" class=\"alignnone wp-image-149 size-full\" src=\"https:\/\/www.praxis.pro.br\/wp-content\/uploads\/2023\/12\/WhatsApp-Image-2023-10-24-at-23.42.02-1024x1024-1.jpeg\" alt=\"\" width=\"1024\" height=\"1024\" srcset=\"https:\/\/www.praxis.pro.br\/wp-content\/uploads\/2023\/12\/WhatsApp-Image-2023-10-24-at-23.42.02-1024x1024-1.jpeg 1024w, https:\/\/www.praxis.pro.br\/wp-content\/uploads\/2023\/12\/WhatsApp-Image-2023-10-24-at-23.42.02-1024x1024-1-300x300.jpeg 300w, https:\/\/www.praxis.pro.br\/wp-content\/uploads\/2023\/12\/WhatsApp-Image-2023-10-24-at-23.42.02-1024x1024-1-150x150.jpeg 150w, https:\/\/www.praxis.pro.br\/wp-content\/uploads\/2023\/12\/WhatsApp-Image-2023-10-24-at-23.42.02-1024x1024-1-768x768.jpeg 768w, https:\/\/www.praxis.pro.br\/wp-content\/uploads\/2023\/12\/WhatsApp-Image-2023-10-24-at-23.42.02-1024x1024-1-200x200.jpeg 200w, https:\/\/www.praxis.pro.br\/wp-content\/uploads\/2023\/12\/WhatsApp-Image-2023-10-24-at-23.42.02-1024x1024-1-100x100.jpeg 100w, https:\/\/www.praxis.pro.br\/wp-content\/uploads\/2023\/12\/WhatsApp-Image-2023-10-24-at-23.42.02-1024x1024-1-40x40.jpeg 40w\" sizes=\"auto, (max-width: 1024px) 100vw, 1024px\" \/><\/p>\n<p>#wilsonco\u00ealho #wilsoncoelho #vietn\u00e3 #literatura #capixaba #triplexvermelho<\/p>\n","protected":false},"excerpt":{"rendered":"<p>Este livro, o VIETN\u00c3, surgiu primeiramente a partir de uma ideia de traduzir alguns artigos do cubano Luis Manoel Arce, <a class=\"more-link\" href=\"https:\/\/www.praxis.pro.br\/?p=147\">Leia mais&#8230; &raquo;<\/a><\/p>\n","protected":false},"author":1,"featured_media":149,"comment_status":"open","ping_status":"open","sticky":false,"template":"","format":"standard","meta":{"footnotes":""},"categories":[1],"tags":[],"class_list":["post-147","post","type-post","status-publish","format-standard","has-post-thumbnail","hentry","category-sem-categoria"],"_links":{"self":[{"href":"https:\/\/www.praxis.pro.br\/index.php?rest_route=\/wp\/v2\/posts\/147","targetHints":{"allow":["GET"]}}],"collection":[{"href":"https:\/\/www.praxis.pro.br\/index.php?rest_route=\/wp\/v2\/posts"}],"about":[{"href":"https:\/\/www.praxis.pro.br\/index.php?rest_route=\/wp\/v2\/types\/post"}],"author":[{"embeddable":true,"href":"https:\/\/www.praxis.pro.br\/index.php?rest_route=\/wp\/v2\/users\/1"}],"replies":[{"embeddable":true,"href":"https:\/\/www.praxis.pro.br\/index.php?rest_route=%2Fwp%2Fv2%2Fcomments&post=147"}],"version-history":[{"count":2,"href":"https:\/\/www.praxis.pro.br\/index.php?rest_route=\/wp\/v2\/posts\/147\/revisions"}],"predecessor-version":[{"id":150,"href":"https:\/\/www.praxis.pro.br\/index.php?rest_route=\/wp\/v2\/posts\/147\/revisions\/150"}],"wp:featuredmedia":[{"embeddable":true,"href":"https:\/\/www.praxis.pro.br\/index.php?rest_route=\/wp\/v2\/media\/149"}],"wp:attachment":[{"href":"https:\/\/www.praxis.pro.br\/index.php?rest_route=%2Fwp%2Fv2%2Fmedia&parent=147"}],"wp:term":[{"taxonomy":"category","embeddable":true,"href":"https:\/\/www.praxis.pro.br\/index.php?rest_route=%2Fwp%2Fv2%2Fcategories&post=147"},{"taxonomy":"post_tag","embeddable":true,"href":"https:\/\/www.praxis.pro.br\/index.php?rest_route=%2Fwp%2Fv2%2Ftags&post=147"}],"curies":[{"name":"wp","href":"https:\/\/api.w.org\/{rel}","templated":true}]}}